{"id":482,"date":"2025-03-19T14:05:00","date_gmt":"2025-03-19T21:05:00","guid":{"rendered":"http:\/\/delpueblo40.com\/?p=482"},"modified":"2025-04-03T11:33:21","modified_gmt":"2025-04-03T18:33:21","slug":"sale-de-imprenta-el-libro-muebleria-del-pueblo-testimonios-de-su-historia","status":"publish","type":"post","link":"http:\/\/delpueblo40.com\/?p=482","title":{"rendered":"Sale de imprenta el libro &#8220;Muebler\u00eda del Pueblo, testimonios de su historia&#8221;"},"content":{"rendered":"\n<p>En el d\u00eda de San Jos\u00e9, el honorable carpintero y pap\u00e1 de Jes\u00fas de Nazareth, tenemos la noticia de que el libro &#8220;Muebler\u00eda del Pueblo, testimonios de su historia'&#8221;, imaginado y promovido con nuestro apreciado Jos\u00e9 Reydecel Calder\u00f3n Ochoa, ha salido de imprenta.<\/p>\n\n\n\n<!--more-->\n\n\n\n<p>Es un d\u00eda feliz por todo lo que significa para las y los otrora integrantes de la Muebleria y Taller de Carpinter\u00eda del Pueblo y sus familias, as\u00ed como para la infinidad de amistades y clientes de esta emblem\u00e1tica comunidad obrera.<\/p>\n\n\n<div class=\"wp-block-image\">\n<figure class=\"alignleft size-full\"><a href=\"https:\/\/kwi.oseri.net\/wp-content\/uploads\/2025\/04\/Lib-Muebleria-2025-web.pdf\" target=\"_blank\" rel=\" noreferrer noopener\"><img loading=\"lazy\" decoding=\"async\" width=\"241\" height=\"342\" src=\"http:\/\/delpueblo40.com\/wp-content\/uploads\/2025\/04\/Portada-MP-2025-web-e1743700762613.jpg\" alt=\"\" class=\"wp-image-481\"\/><\/a><\/figure>\n<\/div>\n\n\n<p>Como se puede apreciar, los testimonios publicados en esta p\u00e1gina web han quedado ahora impresos en papel. El libro puede descargarse desde este espacio en formato digital (PDF) gratuitamente (pulse sobre la imagen de la foto del libro).<\/p>\n\n\n\n<p>Si desea adquirir alg\u00fan ejemplar del documento impreso en papel, puede dirigirse al n\u00famero 614 196 30 23 con el editor Francisco Xavier Ortiz. El libro tiene un precio de 150 pesos.<\/p>\n\n\n\n<p>Si el libro es solicitado desde un lugar fuera de la ciudad de Chihuahua, el env\u00edo tiene un costo adicional.<\/p>\n","protected":false},"excerpt":{"rendered":"<p>En el d\u00eda de San Jos\u00e9, el honorable carpintero y pap\u00e1 de Jes\u00fas de Nazareth, tenemos la noticia de que el libro &#8220;Muebler\u00eda del Pueblo, testimonios de su historia&#8217;&#8221;, imaginado y promovido con nuestro apreciado Jos\u00e9 Reydecel Calder\u00f3n Ochoa, ha salido de imprenta.<\/p>\n","protected":false},"author":1,"featured_media":490,"comment_status":"open","ping_status":"open","sticky":false,"template":"","format":"standard","meta":{"footnotes":""},"categories":[2,3,1],"tags":[],"class_list":["post-482","post","type-post","status-publish","format-standard","has-post-thumbnail","hentry","category-participa","category-testimonios","category-uncategorized"],"_links":{"self":[{"href":"http:\/\/delpueblo40.com\/index.php?rest_route=\/wp\/v2\/posts\/482","targetHints":{"allow":["GET"]}}],"collection":[{"href":"http:\/\/delpueblo40.com\/index.php?rest_route=\/wp\/v2\/posts"}],"about":[{"href":"http:\/\/delpueblo40.com\/index.php?rest_route=\/wp\/v2\/types\/post"}],"author":[{"embeddable":true,"href":"http:\/\/delpueblo40.com\/index.php?rest_route=\/wp\/v2\/users\/1"}],"replies":[{"embeddable":true,"href":"http:\/\/delpueblo40.com\/index.php?rest_route=%2Fwp%2Fv2%2Fcomments&post=482"}],"version-history":[{"count":8,"href":"http:\/\/delpueblo40.com\/index.php?rest_route=\/wp\/v2\/posts\/482\/revisions"}],"predecessor-version":[{"id":496,"href":"http:\/\/delpueblo40.com\/index.php?rest_route=\/wp\/v2\/posts\/482\/revisions\/496"}],"wp:featuredmedia":[{"embeddable":true,"href":"http:\/\/delpueblo40.com\/index.php?rest_route=\/wp\/v2\/media\/490"}],"wp:attachment":[{"href":"http:\/\/delpueblo40.com\/index.php?rest_route=%2Fwp%2Fv2%2Fmedia&parent=482"}],"wp:term":[{"taxonomy":"category","embeddable":true,"href":"http:\/\/delpueblo40.com\/index.php?rest_route=%2Fwp%2Fv2%2Fcategories&post=482"},{"taxonomy":"post_tag","embeddable":true,"href":"http:\/\/delpueblo40.com\/index.php?rest_route=%2Fwp%2Fv2%2Ftags&post=482"}],"curies":[{"name":"wp","href":"https:\/\/api.w.org\/{rel}","templated":true}]}}